{"id":76,"date":"2018-06-27T16:53:00","date_gmt":"2018-06-27T16:53:00","guid":{"rendered":"https:\/\/legal-stone.themerex.net\/?p=76"},"modified":"2021-12-20T15:21:07","modified_gmt":"2021-12-20T15:21:07","slug":"lawsuit-consolidation-and-federal-rules","status":"publish","type":"post","link":"https:\/\/lepasteur-avocats.fr\/?p=76","title":{"rendered":"Assises \u00e0 Caen. Il rend son demi-fr\u00e8re infirme, il est acquitt\u00e9"},"content":{"rendered":"<p>Il est un peu plus de 18\u2009h\u200930, ce mardi 26\u00a0juin 2018, dans la salle d\u2019audience de la cour d\u2019assises du Calvados, \u00e0 Caen. Apr\u00e8s trois jours de proc\u00e8s, l\u2019heure du verdict a sonn\u00e9\u2009:\u00a0<strong>\u00ab\u2009Acquitt\u00e9\u2009\u00bb<\/strong>\u00a0\u2009! L\u2019accus\u00e9 est pris de vomissements dans le box en verre o\u00f9 il a \u00e9t\u00e9 jug\u00e9 pendant des heures et des heures. Sa m\u00e8re et sa compagne, install\u00e9es sur les bancs r\u00e9serv\u00e9s au public, fondent en larme. Avant de r\u00e9agir \u00e0 la d\u00e9cision de la cour, la maman de cet homme de 24\u00a0ans pr\u00e9vient\u2009:\u00a0<strong>\u00ab\u2009Il va d\u2019abord falloir que j\u2019arrive \u00e0 y croire\u2026\u2009\u00bb<\/strong><\/p>\n<p>Contre toute attente, son fils vient d\u2019\u00eatre reconnu p\u00e9nalement irresponsable des faits qui lui \u00e9taient reproch\u00e9s. Il va recouvrer la libert\u00e9. Et cela alors qu\u2019il vient de passer pr\u00e8s de 3\u00a0ans en d\u00e9tention provisoire dans le cadre de ce dossier de nature criminelle. Il avait \u00e9t\u00e9 \u00e9crou\u00e9 et mis en examen le 23\u00a0juillet 2015.<\/p>\n<p style=\"text-align: center;\"><a href=\"https:\/\/www.ouest-france.fr\/normandie\/caen-14000\/assises-caen-il-rend-son-demi-frere-infirme-il-est-acquitte-5848033\" target=\"_blank\" rel=\"noopener\">Lire la suite&#8230;<\/a><\/p>\n","protected":false},"excerpt":{"rendered":"<p>Cet homme de 24 ans a \u00e9t\u00e9 jug\u00e9 durant trois jours devant les Assises du Calvados, \u00e0 Caen pour avoir ass\u00e9n\u00e9 trois coups de couteau \u00e0 son demi-fr\u00e8re par alliance en juillet 2015, pr\u00e8s de Falaise. La cour a estim\u00e9 que l\u2019accus\u00e9 avait agi ainsi par l\u00e9gitime d\u00e9fense ce mardi 26 juin 2018.<\/p>\n","protected":false},"author":1,"featured_media":1027,"comment_status":"closed","ping_status":"closed","sticky":false,"template":"","format":"video","meta":{"footnotes":""},"categories":[31],"tags":[],"class_list":["post-76","post","type-post","status-publish","format-video","has-post-thumbnail","hentry","category-assises","post_format-post-format-video"],"_links":{"self":[{"href":"https:\/\/lepasteur-avocats.fr\/index.php?rest_route=\/wp\/v2\/posts\/76","targetHints":{"allow":["GET"]}}],"collection":[{"href":"https:\/\/lepasteur-avocats.fr\/index.php?rest_route=\/wp\/v2\/posts"}],"about":[{"href":"https:\/\/lepasteur-avocats.fr\/index.php?rest_route=\/wp\/v2\/types\/post"}],"author":[{"embeddable":true,"href":"https:\/\/lepasteur-avocats.fr\/index.php?rest_route=\/wp\/v2\/users\/1"}],"replies":[{"embeddable":true,"href":"https:\/\/lepasteur-avocats.fr\/index.php?rest_route=%2Fwp%2Fv2%2Fcomments&post=76"}],"version-history":[{"count":1,"href":"https:\/\/lepasteur-avocats.fr\/index.php?rest_route=\/wp\/v2\/posts\/76\/revisions"}],"predecessor-version":[{"id":1028,"href":"https:\/\/lepasteur-avocats.fr\/index.php?rest_route=\/wp\/v2\/posts\/76\/revisions\/1028"}],"wp:featuredmedia":[{"embeddable":true,"href":"https:\/\/lepasteur-avocats.fr\/index.php?rest_route=\/wp\/v2\/media\/1027"}],"wp:attachment":[{"href":"https:\/\/lepasteur-avocats.fr\/index.php?rest_route=%2Fwp%2Fv2%2Fmedia&parent=76"}],"wp:term":[{"taxonomy":"category","embeddable":true,"href":"https:\/\/lepasteur-avocats.fr\/index.php?rest_route=%2Fwp%2Fv2%2Fcategories&post=76"},{"taxonomy":"post_tag","embeddable":true,"href":"https:\/\/lepasteur-avocats.fr\/index.php?rest_route=%2Fwp%2Fv2%2Ftags&post=76"}],"curies":[{"name":"wp","href":"https:\/\/api.w.org\/{rel}","templated":true}]}}